{"id":677,"date":"2026-09-03T17:24:41","date_gmt":"2026-09-03T17:24:41","guid":{"rendered":"https:\/\/www.metal-listeriamiquel.es\/?p=677"},"modified":"2026-09-03T17:24:41","modified_gmt":"2026-09-03T17:24:41","slug":"carpinteria-de-aluminio-technal-para-crear-espacios-abiertos-en-girona","status":"publish","type":"post","link":"https:\/\/www.metal-listeriamiquel.es\/es\/carpinteria-de-aluminio-technal-para-crear-espacios-abiertos-en-girona\/","title":{"rendered":"Carpinter\u00eda de aluminio Technal para crear espacios abiertos en Girona"},"content":{"rendered":"<p class=\"p1\">En un proyecto de reforma, las aberturas exteriores tienen una gran influencia tanto en la est\u00e9tica del espacio como en la relaci\u00f3n entre el interior y el exterior. Una buena soluci\u00f3n de carpinter\u00eda permite aprovechar mejor la entrada de luz natural, crear espacios visualmente m\u00e1s amplios y conseguir una integraci\u00f3n mucho m\u00e1s limpia con terrazas, jardines y otras zonas exteriores.<\/p>\n<p class=\"p1\">En <a href=\"https:\/\/www.metal-listeriamiquel.es\/\"><span class=\"s1\"><b>Metal\u00b7listeria Miquel<\/b><\/span><\/a>, especialistas en <span class=\"s1\"><b>carpinter\u00eda met\u00e1lica en Figueres<\/b><\/span>, realizamos e instalamos soluciones de carpinter\u00eda de aluminio adaptadas a las caracter\u00edsticas de cada proyecto. En esta reforma trabajamos con sistemas de aluminio <span class=\"s1\"><b>Technal<\/b><\/span> para crear una gran apertura acristalada que conecta directamente la zona interior con la terraza.<\/p>\n<h2><span class=\"s1\"><b>Una gran apertura para aprovechar la luz natural<\/b><\/span><\/h2>\n<p class=\"p1\">Uno de los elementos que m\u00e1s destaca en este proyecto es la superficie acristalada que ocupa buena parte de la pared exterior.<\/p>\n<p class=\"p1\">El objetivo de una soluci\u00f3n de estas caracter\u00edsticas es reducir las barreras visuales entre los dos ambientes. La entrada de luz natural cobra protagonismo y la terraza pasa a percibirse como una continuaci\u00f3n del espacio interior.<\/p>\n<p class=\"p1\">Adem\u00e1s, los perfiles de aluminio permiten crear estructuras visualmente ligeras en las que el vidrio adquiere una mayor presencia. El resultado encaja especialmente bien en reformas que buscan combinar elementos tradicionales, como el muro de piedra que vemos en este espacio, con soluciones m\u00e1s actuales.<\/p>\n<h2><span class=\"s1\"><b>Carpinter\u00eda de aluminio Technal<\/b><\/span><\/h2>\n<p class=\"p1\">Para las aberturas de este proyecto se utilizaron sistemas de <span class=\"s1\"><b>Technal<\/b><\/span>, firma especializada en soluciones arquitect\u00f3nicas de aluminio.<\/p>\n<p class=\"p1\">Trabajar con sistemas de carpinter\u00eda de calidad resulta especialmente importante cuando hablamos de cerramientos de grandes dimensiones. No solamente debemos tener en cuenta el resultado est\u00e9tico, sino tambi\u00e9n aspectos como la estabilidad del conjunto, el funcionamiento de las hojas y la correcta instalaci\u00f3n de todos sus componentes.<\/p>\n<p class=\"p1\">Cada proyecto requiere estudiar previamente las dimensiones de la abertura, las caracter\u00edsticas del espacio y el tipo de soluci\u00f3n que mejor puede adaptarse a las necesidades del cliente.<\/p>\n<h2><span class=\"s1\"><b>Conectar el interior y la terraza<\/b><\/span><\/h2>\n<p class=\"p1\">Las grandes superficies acristaladas son una excelente opci\u00f3n cuando disponemos de un espacio exterior que queremos integrar visualmente en la vivienda o establecimiento.<\/p>\n<p class=\"p1\">En este caso, desde las mesas interiores existe una visi\u00f3n pr\u00e1cticamente directa hacia la terraza. Cuando observamos el conjunto, ambos espacios parecen formar parte de un mismo ambiente.<\/p>\n<p class=\"p1\">Este tipo de soluci\u00f3n tambi\u00e9n permite disfrutar visualmente del exterior incluso cuando las puertas permanecen cerradas, manteniendo la sensaci\u00f3n de amplitud y luminosidad.<\/p>\n<p class=\"p1\">La elecci\u00f3n de una carpinter\u00eda discreta contribuye a que sean el espacio, la piedra, la madera y las vistas exteriores los elementos que realmente destaquen.<\/p>\n<h2><span class=\"s1\"><b>La combinaci\u00f3n entre materiales tradicionales y actuales<\/b><\/span><\/h2>\n<p class=\"p1\">Otro aspecto interesante de esta reforma es el contraste entre materiales.<\/p>\n<p class=\"p1\">En un mismo espacio encontramos una gran pared de piedra vista, mobiliario de madera, pavimento oscuro y una amplia carpinter\u00eda de aluminio y vidrio. En lugar de competir entre ellos, los diferentes materiales consiguen crear un ambiente equilibrado.<\/p>\n<p class=\"p1\">La <span class=\"s1\"><b>carpinter\u00eda met\u00e1lica a medida<\/b><\/span> permite precisamente adaptarse a proyectos arquitect\u00f3nicos muy diferentes. No existe una \u00fanica soluci\u00f3n v\u00e1lida para todos los espacios: las dimensiones, los acabados y el dise\u00f1o deben estudiarse teniendo en cuenta el conjunto de la reforma.<\/p>\n<h2><span class=\"s1\"><b>Carpinter\u00eda met\u00e1lica en Figueres para proyectos a medida<\/b><\/span><\/h2>\n<p class=\"p1\">En <span class=\"s1\"><b>Metal\u00b7listeria Miquel<\/b><\/span> trabajamos cada proyecto buscando una soluci\u00f3n que se integre correctamente en la arquitectura existente y responda a las necesidades concretas del espacio.<\/p>\n<p class=\"p1\">Nuestra experiencia en <span class=\"s1\"><b>carpinter\u00eda met\u00e1lica en Figueres<\/b><\/span> nos permite realizar trabajos de aluminio y diferentes soluciones met\u00e1licas para viviendas, establecimientos y proyectos de reforma, colaborando para conseguir un resultado funcional y visualmente integrado.<\/p>\n<p class=\"p1\">En proyectos como este, una gran abertura de aluminio puede cambiar por completo la percepci\u00f3n de una estancia: permite ganar luz, abrir visualmente el interior y conseguir una conexi\u00f3n mucho m\u00e1s directa con la terraza.<\/p>\n<p class=\"p1\">Si est\u00e1s pensando en renovar las aberturas de una vivienda o necesitas una soluci\u00f3n de <span class=\"s1\"><b>carpinter\u00eda met\u00e1lica en Figueres<\/b><\/span> realizada a medida, en Metal\u00b7listeria Miquel podemos estudiar tu proyecto y encontrar la opci\u00f3n que mejor se adapte al espacio.<\/p>\n","protected":false},"excerpt":{"rendered":"<p>En un proyecto de reforma, las aberturas exteriores tienen una gran influencia tanto en la est\u00e9tica del espacio como en la relaci\u00f3n entre el interior y el exterior. Una buena soluci\u00f3n de carpinter\u00eda permite aprovechar mejor la entrada de luz natural, crear espacios visualmente m\u00e1s amplios y conseguir una integraci\u00f3n mucho m\u00e1s limpia con terrazas, [&hellip;]<\/p>\n","protected":false},"author":1,"featured_media":678,"comment_status":"closed","ping_status":"closed","sticky":false,"template":"","format":"standard","meta":{"_et_pb_use_builder":"","_et_pb_old_content":"","_et_gb_content_width":"","footnotes":""},"categories":[1],"tags":[],"class_list":["post-677","post","type-post","status-publish","format-standard","has-post-thumbnail","hentry","category-sin-categorizar"],"yoast_head":"<!-- This site is optimized with the Yoast SEO plugin v27.2 - https:\/\/yoast.com\/product\/yoast-seo-wordpress\/ -->\n<title>Carpinter\u00eda de aluminio Technal para crear espacios abiertos en Girona - Metal\u00b7listeria Miquel<\/title>\n<meta name=\"description\" content=\"En un proyecto de reforma, las aberturas exteriores tienen una gran influencia tanto en la est\u00e9tica del espacio como en la relaci\u00f3n entre el interior y el\" \/>\n<meta name=\"robots\" content=\"index, follow, max-snippet:-1, max-image-preview:large, max-video-preview:-1\" \/>\n<link rel=\"canonical\" href=\"https:\/\/www.metal-listeriamiquel.es\/es\/carpinteria-de-aluminio-technal-para-crear-espacios-abiertos-en-girona\/\" \/>\n<meta property=\"og:locale\" content=\"es_ES\" \/>\n<meta property=\"og:type\" content=\"article\" \/>\n<meta property=\"og:title\" content=\"Carpinter\u00eda de aluminio Technal para crear espacios abiertos en Girona - Metal\u00b7listeria Miquel\" \/>\n<meta property=\"og:description\" content=\"En un proyecto de reforma, las aberturas exteriores tienen una gran influencia tanto en la est\u00e9tica del espacio como en la relaci\u00f3n entre el interior y el\" \/>\n<meta property=\"og:url\" content=\"https:\/\/www.metal-listeriamiquel.es\/es\/carpinteria-de-aluminio-technal-para-crear-espacios-abiertos-en-girona\/\" \/>\n<meta property=\"og:site_name\" content=\"Metal\u00b7listeria Miquel\" \/>\n<meta property=\"article:published_time\" content=\"2026-09-03T17:24:41+00:00\" \/>\n<meta property=\"og:image\" content=\"https:\/\/www.metal-listeriamiquel.es\/wp-content\/uploads\/2026\/09\/IMG_7617.jpg\" \/>\n\t<meta property=\"og:image:width\" content=\"2048\" \/>\n\t<meta property=\"og:image:height\" content=\"1536\" \/>\n\t<meta property=\"og:image:type\" content=\"image\/jpeg\" \/>\n<meta name=\"author\" content=\"admin\" \/>\n<meta name=\"twitter:card\" content=\"summary_large_image\" \/>\n<meta name=\"twitter:label1\" content=\"Escrito por\" \/>\n\t<meta name=\"twitter:data1\" content=\"admin\" \/>\n\t<meta name=\"twitter:label2\" content=\"Tiempo de lectura\" \/>\n\t<meta name=\"twitter:data2\" content=\"4 minutos\" \/>\n<script type=\"application\/ld+json\" class=\"yoast-schema-graph\">{\"@context\":\"https:\/\/schema.org\",\"@graph\":[{\"@type\":\"Article\",\"@id\":\"https:\/\/www.metal-listeriamiquel.es\/es\/carpinteria-de-aluminio-technal-para-crear-espacios-abiertos-en-girona\/#article\",\"isPartOf\":{\"@id\":\"https:\/\/www.metal-listeriamiquel.es\/es\/carpinteria-de-aluminio-technal-para-crear-espacios-abiertos-en-girona\/\"},\"author\":{\"name\":\"admin\",\"@id\":\"https:\/\/www.metal-listeriamiquel.es\/es\/#\/schema\/person\/0942aa6b4ef020691ef74a501c091824\"},\"headline\":\"Carpinter\u00eda de aluminio Technal para crear espacios abiertos en Girona\",\"datePublished\":\"2026-09-03T17:24:41+00:00\",\"mainEntityOfPage\":{\"@id\":\"https:\/\/www.metal-listeriamiquel.es\/es\/carpinteria-de-aluminio-technal-para-crear-espacios-abiertos-en-girona\/\"},\"wordCount\":726,\"publisher\":{\"@id\":\"https:\/\/www.metal-listeriamiquel.es\/es\/#organization\"},\"image\":{\"@id\":\"https:\/\/www.metal-listeriamiquel.es\/es\/carpinteria-de-aluminio-technal-para-crear-espacios-abiertos-en-girona\/#primaryimage\"},\"thumbnailUrl\":\"https:\/\/www.metal-listeriamiquel.es\/wp-content\/uploads\/2026\/09\/IMG_7617.jpg\",\"articleSection\":[\"Sin categorizar\"],\"inLanguage\":\"es\"},{\"@type\":\"WebPage\",\"@id\":\"https:\/\/www.metal-listeriamiquel.es\/es\/carpinteria-de-aluminio-technal-para-crear-espacios-abiertos-en-girona\/\",\"url\":\"https:\/\/www.metal-listeriamiquel.es\/es\/carpinteria-de-aluminio-technal-para-crear-espacios-abiertos-en-girona\/\",\"name\":\"Carpinter\u00eda de aluminio Technal para crear espacios abiertos en Girona - Metal\u00b7listeria Miquel\",\"isPartOf\":{\"@id\":\"https:\/\/www.metal-listeriamiquel.es\/es\/#website\"},\"primaryImageOfPage\":{\"@id\":\"https:\/\/www.metal-listeriamiquel.es\/es\/carpinteria-de-aluminio-technal-para-crear-espacios-abiertos-en-girona\/#primaryimage\"},\"image\":{\"@id\":\"https:\/\/www.metal-listeriamiquel.es\/es\/carpinteria-de-aluminio-technal-para-crear-espacios-abiertos-en-girona\/#primaryimage\"},\"thumbnailUrl\":\"https:\/\/www.metal-listeriamiquel.es\/wp-content\/uploads\/2026\/09\/IMG_7617.jpg\",\"datePublished\":\"2026-09-03T17:24:41+00:00\",\"description\":\"En un proyecto de reforma, las aberturas exteriores tienen una gran influencia tanto en la est\u00e9tica del espacio como en la relaci\u00f3n entre el interior y el\",\"breadcrumb\":{\"@id\":\"https:\/\/www.metal-listeriamiquel.es\/es\/carpinteria-de-aluminio-technal-para-crear-espacios-abiertos-en-girona\/#breadcrumb\"},\"inLanguage\":\"es\",\"potentialAction\":[{\"@type\":\"ReadAction\",\"target\":[\"https:\/\/www.metal-listeriamiquel.es\/es\/carpinteria-de-aluminio-technal-para-crear-espacios-abiertos-en-girona\/\"]}]},{\"@type\":\"ImageObject\",\"inLanguage\":\"es\",\"@id\":\"https:\/\/www.metal-listeriamiquel.es\/es\/carpinteria-de-aluminio-technal-para-crear-espacios-abiertos-en-girona\/#primaryimage\",\"url\":\"https:\/\/www.metal-listeriamiquel.es\/wp-content\/uploads\/2026\/09\/IMG_7617.jpg\",\"contentUrl\":\"https:\/\/www.metal-listeriamiquel.es\/wp-content\/uploads\/2026\/09\/IMG_7617.jpg\",\"width\":2048,\"height\":1536},{\"@type\":\"BreadcrumbList\",\"@id\":\"https:\/\/www.metal-listeriamiquel.es\/es\/carpinteria-de-aluminio-technal-para-crear-espacios-abiertos-en-girona\/#breadcrumb\",\"itemListElement\":[{\"@type\":\"ListItem\",\"position\":1,\"name\":\"Inici\",\"item\":\"https:\/\/www.metal-listeriamiquel.es\/es\/\"},{\"@type\":\"ListItem\",\"position\":2,\"name\":\"Carpinter\u00eda de aluminio Technal para crear espacios abiertos en Girona\"}]},{\"@type\":\"WebSite\",\"@id\":\"https:\/\/www.metal-listeriamiquel.es\/es\/#website\",\"url\":\"https:\/\/www.metal-listeriamiquel.es\/es\/\",\"name\":\"Metal\u00b7listeria Miquel\",\"description\":\"Fusteria met\u00e0l\u00b7lica i d&#039;alumini a Figueres\",\"publisher\":{\"@id\":\"https:\/\/www.metal-listeriamiquel.es\/es\/#organization\"},\"potentialAction\":[{\"@type\":\"SearchAction\",\"target\":{\"@type\":\"EntryPoint\",\"urlTemplate\":\"https:\/\/www.metal-listeriamiquel.es\/es\/?s={search_term_string}\"},\"query-input\":{\"@type\":\"PropertyValueSpecification\",\"valueRequired\":true,\"valueName\":\"search_term_string\"}}],\"inLanguage\":\"es\"},{\"@type\":\"Organization\",\"@id\":\"https:\/\/www.metal-listeriamiquel.es\/es\/#organization\",\"name\":\"Metal\u00b7listeria Miquel\",\"url\":\"https:\/\/www.metal-listeriamiquel.es\/es\/\",\"logo\":{\"@type\":\"ImageObject\",\"inLanguage\":\"es\",\"@id\":\"https:\/\/www.metal-listeriamiquel.es\/es\/#\/schema\/logo\/image\/\",\"url\":\"https:\/\/www.metal-listeriamiquel.es\/wp-content\/uploads\/2020\/04\/metmiquellogo.png\",\"contentUrl\":\"https:\/\/www.metal-listeriamiquel.es\/wp-content\/uploads\/2020\/04\/metmiquellogo.png\",\"width\":500,\"height\":80,\"caption\":\"Metal\u00b7listeria Miquel\"},\"image\":{\"@id\":\"https:\/\/www.metal-listeriamiquel.es\/es\/#\/schema\/logo\/image\/\"}},{\"@type\":\"Person\",\"@id\":\"https:\/\/www.metal-listeriamiquel.es\/es\/#\/schema\/person\/0942aa6b4ef020691ef74a501c091824\",\"name\":\"admin\",\"image\":{\"@type\":\"ImageObject\",\"inLanguage\":\"es\",\"@id\":\"https:\/\/secure.gravatar.com\/avatar\/6a171e338e80e41d9174e3b1112ff1c41bdd2433ad8cd8ba1277521231ea06dd?s=96&d=mm&r=g\",\"url\":\"https:\/\/secure.gravatar.com\/avatar\/6a171e338e80e41d9174e3b1112ff1c41bdd2433ad8cd8ba1277521231ea06dd?s=96&d=mm&r=g\",\"contentUrl\":\"https:\/\/secure.gravatar.com\/avatar\/6a171e338e80e41d9174e3b1112ff1c41bdd2433ad8cd8ba1277521231ea06dd?s=96&d=mm&r=g\",\"caption\":\"admin\"},\"url\":\"https:\/\/www.metal-listeriamiquel.es\/es\/author\/metmiquel\/\"}]}<\/script>\n<!-- \/ Yoast SEO plugin. -->","yoast_head_json":{"title":"Carpinter\u00eda de aluminio Technal para crear espacios abiertos en Girona - Metal\u00b7listeria Miquel","description":"En un proyecto de reforma, las aberturas exteriores tienen una gran influencia tanto en la est\u00e9tica del espacio como en la relaci\u00f3n entre el interior y el","robots":{"index":"index","follow":"follow","max-snippet":"max-snippet:-1","max-image-preview":"max-image-preview:large","max-video-preview":"max-video-preview:-1"},"canonical":"https:\/\/www.metal-listeriamiquel.es\/es\/carpinteria-de-aluminio-technal-para-crear-espacios-abiertos-en-girona\/","og_locale":"es_ES","og_type":"article","og_title":"Carpinter\u00eda de aluminio Technal para crear espacios abiertos en Girona - Metal\u00b7listeria Miquel","og_description":"En un proyecto de reforma, las aberturas exteriores tienen una gran influencia tanto en la est\u00e9tica del espacio como en la relaci\u00f3n entre el interior y el","og_url":"https:\/\/www.metal-listeriamiquel.es\/es\/carpinteria-de-aluminio-technal-para-crear-espacios-abiertos-en-girona\/","og_site_name":"Metal\u00b7listeria Miquel","article_published_time":"2026-09-03T17:24:41+00:00","og_image":[{"width":2048,"height":1536,"url":"https:\/\/www.metal-listeriamiquel.es\/wp-content\/uploads\/2026\/09\/IMG_7617.jpg","type":"image\/jpeg"}],"author":"admin","twitter_card":"summary_large_image","twitter_misc":{"Escrito por":"admin","Tiempo de lectura":"4 minutos"},"schema":{"@context":"https:\/\/schema.org","@graph":[{"@type":"Article","@id":"https:\/\/www.metal-listeriamiquel.es\/es\/carpinteria-de-aluminio-technal-para-crear-espacios-abiertos-en-girona\/#article","isPartOf":{"@id":"https:\/\/www.metal-listeriamiquel.es\/es\/carpinteria-de-aluminio-technal-para-crear-espacios-abiertos-en-girona\/"},"author":{"name":"admin","@id":"https:\/\/www.metal-listeriamiquel.es\/es\/#\/schema\/person\/0942aa6b4ef020691ef74a501c091824"},"headline":"Carpinter\u00eda de aluminio Technal para crear espacios abiertos en Girona","datePublished":"2026-09-03T17:24:41+00:00","mainEntityOfPage":{"@id":"https:\/\/www.metal-listeriamiquel.es\/es\/carpinteria-de-aluminio-technal-para-crear-espacios-abiertos-en-girona\/"},"wordCount":726,"publisher":{"@id":"https:\/\/www.metal-listeriamiquel.es\/es\/#organization"},"image":{"@id":"https:\/\/www.metal-listeriamiquel.es\/es\/carpinteria-de-aluminio-technal-para-crear-espacios-abiertos-en-girona\/#primaryimage"},"thumbnailUrl":"https:\/\/www.metal-listeriamiquel.es\/wp-content\/uploads\/2026\/09\/IMG_7617.jpg","articleSection":["Sin categorizar"],"inLanguage":"es"},{"@type":"WebPage","@id":"https:\/\/www.metal-listeriamiquel.es\/es\/carpinteria-de-aluminio-technal-para-crear-espacios-abiertos-en-girona\/","url":"https:\/\/www.metal-listeriamiquel.es\/es\/carpinteria-de-aluminio-technal-para-crear-espacios-abiertos-en-girona\/","name":"Carpinter\u00eda de aluminio Technal para crear espacios abiertos en Girona - Metal\u00b7listeria Miquel","isPartOf":{"@id":"https:\/\/www.metal-listeriamiquel.es\/es\/#website"},"primaryImageOfPage":{"@id":"https:\/\/www.metal-listeriamiquel.es\/es\/carpinteria-de-aluminio-technal-para-crear-espacios-abiertos-en-girona\/#primaryimage"},"image":{"@id":"https:\/\/www.metal-listeriamiquel.es\/es\/carpinteria-de-aluminio-technal-para-crear-espacios-abiertos-en-girona\/#primaryimage"},"thumbnailUrl":"https:\/\/www.metal-listeriamiquel.es\/wp-content\/uploads\/2026\/09\/IMG_7617.jpg","datePublished":"2026-09-03T17:24:41+00:00","description":"En un proyecto de reforma, las aberturas exteriores tienen una gran influencia tanto en la est\u00e9tica del espacio como en la relaci\u00f3n entre el interior y el","breadcrumb":{"@id":"https:\/\/www.metal-listeriamiquel.es\/es\/carpinteria-de-aluminio-technal-para-crear-espacios-abiertos-en-girona\/#breadcrumb"},"inLanguage":"es","potentialAction":[{"@type":"ReadAction","target":["https:\/\/www.metal-listeriamiquel.es\/es\/carpinteria-de-aluminio-technal-para-crear-espacios-abiertos-en-girona\/"]}]},{"@type":"ImageObject","inLanguage":"es","@id":"https:\/\/www.metal-listeriamiquel.es\/es\/carpinteria-de-aluminio-technal-para-crear-espacios-abiertos-en-girona\/#primaryimage","url":"https:\/\/www.metal-listeriamiquel.es\/wp-content\/uploads\/2026\/09\/IMG_7617.jpg","contentUrl":"https:\/\/www.metal-listeriamiquel.es\/wp-content\/uploads\/2026\/09\/IMG_7617.jpg","width":2048,"height":1536},{"@type":"BreadcrumbList","@id":"https:\/\/www.metal-listeriamiquel.es\/es\/carpinteria-de-aluminio-technal-para-crear-espacios-abiertos-en-girona\/#breadcrumb","itemListElement":[{"@type":"ListItem","position":1,"name":"Inici","item":"https:\/\/www.metal-listeriamiquel.es\/es\/"},{"@type":"ListItem","position":2,"name":"Carpinter\u00eda de aluminio Technal para crear espacios abiertos en Girona"}]},{"@type":"WebSite","@id":"https:\/\/www.metal-listeriamiquel.es\/es\/#website","url":"https:\/\/www.metal-listeriamiquel.es\/es\/","name":"Metal\u00b7listeria Miquel","description":"Fusteria met\u00e0l\u00b7lica i d&#039;alumini a Figueres","publisher":{"@id":"https:\/\/www.metal-listeriamiquel.es\/es\/#organization"},"potentialAction":[{"@type":"SearchAction","target":{"@type":"EntryPoint","urlTemplate":"https:\/\/www.metal-listeriamiquel.es\/es\/?s={search_term_string}"},"query-input":{"@type":"PropertyValueSpecification","valueRequired":true,"valueName":"search_term_string"}}],"inLanguage":"es"},{"@type":"Organization","@id":"https:\/\/www.metal-listeriamiquel.es\/es\/#organization","name":"Metal\u00b7listeria Miquel","url":"https:\/\/www.metal-listeriamiquel.es\/es\/","logo":{"@type":"ImageObject","inLanguage":"es","@id":"https:\/\/www.metal-listeriamiquel.es\/es\/#\/schema\/logo\/image\/","url":"https:\/\/www.metal-listeriamiquel.es\/wp-content\/uploads\/2020\/04\/metmiquellogo.png","contentUrl":"https:\/\/www.metal-listeriamiquel.es\/wp-content\/uploads\/2020\/04\/metmiquellogo.png","width":500,"height":80,"caption":"Metal\u00b7listeria Miquel"},"image":{"@id":"https:\/\/www.metal-listeriamiquel.es\/es\/#\/schema\/logo\/image\/"}},{"@type":"Person","@id":"https:\/\/www.metal-listeriamiquel.es\/es\/#\/schema\/person\/0942aa6b4ef020691ef74a501c091824","name":"admin","image":{"@type":"ImageObject","inLanguage":"es","@id":"https:\/\/secure.gravatar.com\/avatar\/6a171e338e80e41d9174e3b1112ff1c41bdd2433ad8cd8ba1277521231ea06dd?s=96&d=mm&r=g","url":"https:\/\/secure.gravatar.com\/avatar\/6a171e338e80e41d9174e3b1112ff1c41bdd2433ad8cd8ba1277521231ea06dd?s=96&d=mm&r=g","contentUrl":"https:\/\/secure.gravatar.com\/avatar\/6a171e338e80e41d9174e3b1112ff1c41bdd2433ad8cd8ba1277521231ea06dd?s=96&d=mm&r=g","caption":"admin"},"url":"https:\/\/www.metal-listeriamiquel.es\/es\/author\/metmiquel\/"}]}},"_links":{"self":[{"href":"https:\/\/www.metal-listeriamiquel.es\/es\/wp-json\/wp\/v2\/posts\/677","targetHints":{"allow":["GET"]}}],"collection":[{"href":"https:\/\/www.metal-listeriamiquel.es\/es\/wp-json\/wp\/v2\/posts"}],"about":[{"href":"https:\/\/www.metal-listeriamiquel.es\/es\/wp-json\/wp\/v2\/types\/post"}],"author":[{"embeddable":true,"href":"https:\/\/www.metal-listeriamiquel.es\/es\/wp-json\/wp\/v2\/users\/1"}],"replies":[{"embeddable":true,"href":"https:\/\/www.metal-listeriamiquel.es\/es\/wp-json\/wp\/v2\/comments?post=677"}],"version-history":[{"count":1,"href":"https:\/\/www.metal-listeriamiquel.es\/es\/wp-json\/wp\/v2\/posts\/677\/revisions"}],"predecessor-version":[{"id":679,"href":"https:\/\/www.metal-listeriamiquel.es\/es\/wp-json\/wp\/v2\/posts\/677\/revisions\/679"}],"wp:featuredmedia":[{"embeddable":true,"href":"https:\/\/www.metal-listeriamiquel.es\/es\/wp-json\/wp\/v2\/media\/678"}],"wp:attachment":[{"href":"https:\/\/www.metal-listeriamiquel.es\/es\/wp-json\/wp\/v2\/media?parent=677"}],"wp:term":[{"taxonomy":"category","embeddable":true,"href":"https:\/\/www.metal-listeriamiquel.es\/es\/wp-json\/wp\/v2\/categories?post=677"},{"taxonomy":"post_tag","embeddable":true,"href":"https:\/\/www.metal-listeriamiquel.es\/es\/wp-json\/wp\/v2\/tags?post=677"}],"curies":[{"name":"wp","href":"https:\/\/api.w.org\/{rel}","templated":true}]}}